{"id":289,"date":"2021-01-09T17:58:05","date_gmt":"2021-01-09T17:58:05","guid":{"rendered":"https:\/\/novidades.cidadaniaevisto.com.br\/?p=289"},"modified":"2021-01-09T18:08:39","modified_gmt":"2021-01-09T18:08:39","slug":"confira-a-media-das-remuneracoes-em-portugal","status":"publish","type":"post","link":"https:\/\/novidades.cidadaniaevisto.com.br\/index.php\/2021\/01\/09\/confira-a-media-das-remuneracoes-em-portugal\/","title":{"rendered":"Confira a m\u00e9dia das remunera\u00e7\u00f5es em Portugal"},"content":{"rendered":"\n<p>Voc\u00ea j\u00e1 se perguntou qual \u00e9 a m\u00e9dia das remunera\u00e7\u00f5es em Portugal? Se voc\u00ea tem interesse em mudar para este pa\u00eds europeu, com certeza j\u00e1 deve ter se questionado quanto recebe cada profiss\u00e3o, como \u00e9 o sal\u00e1rio em rela\u00e7\u00e3o ao custo de vida e at\u00e9 mesmo quais as profissionais que ganham mais no pa\u00eds europeu.&nbsp;<\/p>\n\n\n\n<p>Confira a seguir todas as informa\u00e7\u00f5es sobre o mercado de trabalho em Portugal, desde quanto ganha em m\u00e9dia um profissional de cada \u00e1rea at\u00e9 quais aspectos influenciam o valor.&nbsp;<\/p>\n\n\n\n<p>Confira agora a m\u00e9dia das remunera\u00e7\u00f5es em Portugal:<\/p>\n\n\n\n<p><strong>Sal\u00e1rio m\u00ednimo em Portugal<\/strong><\/p>\n\n\n\n<p>At\u00e9 a data em que este artigo foi escrito (dezembro de 2020), o sal\u00e1rio m\u00ednimo era de 635,00 \u20ac. O valor \u00e9 considerado um dos mais baixos da Europa e, al\u00e9m disso, o custo de vida tem aumentado por conta do crescimento da economia, fazendo com que, muitas vezes, 635,00 \u20ac n\u00e3o sejam o suficiente para sustentar uma fam\u00edlia. <\/p>\n\n\n\n<p>Mas para quem que possui forma\u00e7\u00e3o superior, experi\u00eancia na \u00e1rea&nbsp; e mora nas cidades grandes, por exemplo, pode conseguir sal\u00e1rios mais altos, atingindo o valor m\u00e9dio de 943,00 \u20ac.<\/p>\n\n\n\n<p><strong>Quais as \u00e1reas com melhores sal\u00e1rios?<\/strong><\/p>\n\n\n\n<p>De acordo com as ag\u00eancias de trabalho portuguesas, a profiss\u00e3o melhor remunerada \u00e9 a de Diretor-Geral de Ind\u00fastria em grandes empresas. Esta vaga pode valer 170.000 \u20ac anualmente. Na Ind\u00fastria, Constru\u00e7\u00e3o, Sa\u00fade e Tecnologias de Informa\u00e7\u00e3o, tamb\u00e9m h\u00e1 maior probabilidade de encontrar cargos com elevada remunera\u00e7\u00e3o, mas \u00e9 no ramo da inform\u00e1tica (programador, desenvolvedor, ciberseguran\u00e7a, etc) que se encontram mais ofertas de emprego. A m\u00e9dia das remunera\u00e7\u00f5es em Portugal para essa profiss\u00e3o \u00e9 cerca de 50.000 \u20ac anualmente.<\/p>\n\n\n\n<p><strong>Valores m\u00e9dios do sal\u00e1rio anual em Portugal por profiss\u00e3o<\/strong><\/p>\n\n\n\n<p>Secret\u00e1ria: 644,00 \u20ac<\/p>\n\n\n\n<p>Gar\u00e7om: 681,00 \u20ac<\/p>\n\n\n\n<p>Vendedores: 703,00 \u20ac<\/p>\n\n\n\n<p>T\u00e9cnico de contabilidade: 703,00 \u20ac<\/p>\n\n\n\n<p>Ajudante de cozinha: 721,00 \u20ac<\/p>\n\n\n\n<p>Administrador de sistemas: 823,00 \u20ac<\/p>\n\n\n\n<p>Designer gr\u00e1fico: 852,00 \u20ac<\/p>\n\n\n\n<p>Cabeleireiro: 1.051,00 \u20ac&nbsp;<\/p>\n\n\n\n<p>Soldadores e serralheiros: 1.200,00 \u20ac&nbsp;<\/p>\n\n\n\n<p>Engenheiro de software: 1.311,00 \u20ac&nbsp;<\/p>\n\n\n\n<p>Motorista de caminh\u00e3o: 1.500,00 \u20ac&nbsp;<\/p>\n\n\n\n<p>Cirurgi\u00e3o dentista: 2.409,00 \u20ac&nbsp;<\/p>\n\n\n\n<p>Fonte: <a href=\"https:\/\/meusalario.pt\/\">Meu Sal\u00e1rio&nbsp;<\/a><\/p>\n\n\n\n<p><strong>Vari\u00e1veis que afetam o valor do sal\u00e1rio<\/strong><\/p>\n\n\n\n<p>S\u00e3o muitos os aspectos que afetam o sal\u00e1rio em Portugal em cada profiss\u00e3o, mas, um dos mais relevantes \u00e9 a escolha cidade que voc\u00ea viver\u00e1. Quanto maior a cidade, maiores s\u00e3o os sal\u00e1rios. Por exemplo, em Lisboa os sal\u00e1rios costumam ser mais elevados que no Porto. Enquanto isso, no interior, os sal\u00e1rios s\u00e3o ainda mais baixos. <\/p>\n\n\n\n<p>A experi\u00eancia do profissional tamb\u00e9m interfere na hora de encontrar empregos bem remunerados. Para os rec\u00e9m-formados, os sal\u00e1rios tendem a ser mais baixos, aumentando a medida que o profissional vai adquirindo experi\u00eancia.&nbsp;<\/p>\n\n\n\n<p>Outro fator muito importante \u00e9 a demanda da profiss\u00e3o. Quanto menos profissionais, maior ser\u00e1 o sal\u00e1rio. Isso acontece com a \u00e1rea de TI, onde a demanda por profissionais \u00e9 bem elevada.<\/p>\n\n\n\n<p><strong>Sal\u00e1rios em Portugal por cidades<\/strong><\/p>\n\n\n\n<p>As cidades com sal\u00e1rios mais altos s\u00e3o Lisboa, Oeiras, Cascais, Sintra, Faro e Porto.<\/p>\n\n\n\n<p>Na regi\u00e3o de Lisboa existe uma grande concentra\u00e7\u00e3o de empresas multinacionais, com uma grande oferta de trabalho para <a href=\"https:\/\/www.cidadaniaevisto.com.br\/visto-de-trabalho\">profissionais qualificados <\/a>que querem imigrar.&nbsp; Na regi\u00e3o do Algarve, por exemplo, existem ofertas de emprego na \u00e1rea de hotelaria e restaurantes, principalmente durante a alta temporada de ver\u00e3o.&nbsp;<\/p>\n\n\n\n<p>Se voc\u00ea tem interesse em trabalhar em Portugal, pesquise as vagas abertas nos sites das empresas, em empresas de RH, envie seu curr\u00edculo e planeje sua mudan\u00e7a de pa\u00eds com tempo e planejamento.<\/p>\n\n\n\n<p>N\u00e3o se esque\u00e7a que o visto de trabalho para Portugal deve sempre ser feito ainda no Brasil \ud83d\ude09<\/p>\n","protected":false},"excerpt":{"rendered":"<p>Voc\u00ea j\u00e1 se perguntou qual \u00e9 a m\u00e9dia das remunera\u00e7\u00f5es em Portugal? Se voc\u00ea tem interesse em mudar para este pa\u00eds europeu, com certeza j\u00e1 deve ter se questionado quanto recebe cada profiss\u00e3o, como \u00e9 o sal\u00e1rio em rela\u00e7\u00e3o ao custo de vida e at\u00e9 mesmo quais as profissionais que ganham mais no pa\u00eds europeu.&nbsp; [&hellip;]<\/p>\n","protected":false},"author":3,"featured_media":316,"comment_status":"open","ping_status":"open","sticky":false,"template":"","format":"standard","meta":{"_et_pb_use_builder":"off","_et_pb_old_content":"","_et_gb_content_width":"","footnotes":""},"categories":[19,8],"tags":[69,99,105],"class_list":["post-289","post","type-post","status-publish","format-standard","has-post-thumbnail","hentry","category-morar-em-portugal","category-visto","tag-custo-de-vida","tag-morar-em-portugal","tag-salario","et-has-post-format-content","et_post_format-et-post-format-standard"],"yoast_head":"<!-- This site is optimized with the Yoast SEO plugin v23.9 - https:\/\/yoast.com\/wordpress\/plugins\/seo\/ -->\n<title>M\u00c9DIA DAS REMUNERA\u00c7\u00d5ES EM PORTUGAL - CONFIRA<\/title>\n<meta name=\"description\" content=\"Voc\u00ea j\u00e1 se perguntou qual a m\u00e9dia das remunera\u00e7\u00f5es em Portugal e quais profissionais possuem os melhores sal\u00e1rios? Confira!\" \/>\n<meta name=\"robots\" content=\"index, follow, max-snippet:-1, max-image-preview:large, max-video-preview:-1\" \/>\n<link rel=\"canonical\" href=\"https:\/\/novidades.cidadaniaevisto.com.br\/index.php\/2021\/01\/09\/confira-a-media-das-remuneracoes-em-portugal\/\" \/>\n<meta property=\"og:locale\" content=\"pt_BR\" \/>\n<meta property=\"og:type\" content=\"article\" \/>\n<meta property=\"og:title\" content=\"M\u00c9DIA DAS REMUNERA\u00c7\u00d5ES EM PORTUGAL - CONFIRA\" \/>\n<meta property=\"og:description\" content=\"Voc\u00ea j\u00e1 se perguntou qual a m\u00e9dia das remunera\u00e7\u00f5es em Portugal e quais profissionais possuem os melhores sal\u00e1rios? Confira!\" \/>\n<meta property=\"og:url\" content=\"https:\/\/novidades.cidadaniaevisto.com.br\/index.php\/2021\/01\/09\/confira-a-media-das-remuneracoes-em-portugal\/\" \/>\n<meta property=\"og:site_name\" content=\"Cidadania e Visto\" \/>\n<meta property=\"article:published_time\" content=\"2021-01-09T17:58:05+00:00\" \/>\n<meta property=\"article:modified_time\" content=\"2021-01-09T18:08:39+00:00\" \/>\n<meta property=\"og:image\" content=\"https:\/\/novidades.cidadaniaevisto.com.br\/wp-content\/uploads\/2021\/01\/markus-spiske-ms6N-gBtbCQ-unsplash-e1673557489517.jpg\" \/>\n\t<meta property=\"og:image:width\" content=\"800\" \/>\n\t<meta property=\"og:image:height\" content=\"533\" \/>\n\t<meta property=\"og:image:type\" content=\"image\/jpeg\" \/>\n<meta name=\"author\" content=\"Beatriz Cancino\" \/>\n<meta name=\"twitter:card\" content=\"summary_large_image\" \/>\n<meta name=\"twitter:label1\" content=\"Escrito por\" \/>\n\t<meta name=\"twitter:data1\" content=\"Beatriz Cancino\" \/>\n\t<meta name=\"twitter:label2\" content=\"Est. tempo de leitura\" \/>\n\t<meta name=\"twitter:data2\" content=\"3 minutos\" \/>\n<script type=\"application\/ld+json\" class=\"yoast-schema-graph\">{\"@context\":\"https:\/\/schema.org\",\"@graph\":[{\"@type\":\"WebPage\",\"@id\":\"https:\/\/novidades.cidadaniaevisto.com.br\/index.php\/2021\/01\/09\/confira-a-media-das-remuneracoes-em-portugal\/\",\"url\":\"https:\/\/novidades.cidadaniaevisto.com.br\/index.php\/2021\/01\/09\/confira-a-media-das-remuneracoes-em-portugal\/\",\"name\":\"M\u00c9DIA DAS REMUNERA\u00c7\u00d5ES EM PORTUGAL - CONFIRA\",\"isPartOf\":{\"@id\":\"https:\/\/novidades.cidadaniaevisto.com.br\/#website\"},\"primaryImageOfPage\":{\"@id\":\"https:\/\/novidades.cidadaniaevisto.com.br\/index.php\/2021\/01\/09\/confira-a-media-das-remuneracoes-em-portugal\/#primaryimage\"},\"image\":{\"@id\":\"https:\/\/novidades.cidadaniaevisto.com.br\/index.php\/2021\/01\/09\/confira-a-media-das-remuneracoes-em-portugal\/#primaryimage\"},\"thumbnailUrl\":\"https:\/\/novidades.cidadaniaevisto.com.br\/wp-content\/uploads\/2021\/01\/markus-spiske-ms6N-gBtbCQ-unsplash-e1673557489517.jpg\",\"datePublished\":\"2021-01-09T17:58:05+00:00\",\"dateModified\":\"2021-01-09T18:08:39+00:00\",\"author\":{\"@id\":\"https:\/\/novidades.cidadaniaevisto.com.br\/#\/schema\/person\/f6f135f9a0174ecf5f11e717a46bba2e\"},\"description\":\"Voc\u00ea j\u00e1 se perguntou qual a m\u00e9dia das remunera\u00e7\u00f5es em Portugal e quais profissionais possuem os melhores sal\u00e1rios? Confira!\",\"breadcrumb\":{\"@id\":\"https:\/\/novidades.cidadaniaevisto.com.br\/index.php\/2021\/01\/09\/confira-a-media-das-remuneracoes-em-portugal\/#breadcrumb\"},\"inLanguage\":\"pt-BR\",\"potentialAction\":[{\"@type\":\"ReadAction\",\"target\":[\"https:\/\/novidades.cidadaniaevisto.com.br\/index.php\/2021\/01\/09\/confira-a-media-das-remuneracoes-em-portugal\/\"]}]},{\"@type\":\"ImageObject\",\"inLanguage\":\"pt-BR\",\"@id\":\"https:\/\/novidades.cidadaniaevisto.com.br\/index.php\/2021\/01\/09\/confira-a-media-das-remuneracoes-em-portugal\/#primaryimage\",\"url\":\"https:\/\/novidades.cidadaniaevisto.com.br\/wp-content\/uploads\/2021\/01\/markus-spiske-ms6N-gBtbCQ-unsplash-e1673557489517.jpg\",\"contentUrl\":\"https:\/\/novidades.cidadaniaevisto.com.br\/wp-content\/uploads\/2021\/01\/markus-spiske-ms6N-gBtbCQ-unsplash-e1673557489517.jpg\",\"width\":800,\"height\":533,\"caption\":\"remuneracao\"},{\"@type\":\"BreadcrumbList\",\"@id\":\"https:\/\/novidades.cidadaniaevisto.com.br\/index.php\/2021\/01\/09\/confira-a-media-das-remuneracoes-em-portugal\/#breadcrumb\",\"itemListElement\":[{\"@type\":\"ListItem\",\"position\":1,\"name\":\"In\u00edcio\",\"item\":\"https:\/\/novidades.cidadaniaevisto.com.br\/\"},{\"@type\":\"ListItem\",\"position\":2,\"name\":\"Confira a m\u00e9dia das remunera\u00e7\u00f5es em Portugal\"}]},{\"@type\":\"WebSite\",\"@id\":\"https:\/\/novidades.cidadaniaevisto.com.br\/#website\",\"url\":\"https:\/\/novidades.cidadaniaevisto.com.br\/\",\"name\":\"Cidadania e Visto\",\"description\":\"Sites sobre not\u00edcias e atualidades sobre Portugal\",\"potentialAction\":[{\"@type\":\"SearchAction\",\"target\":{\"@type\":\"EntryPoint\",\"urlTemplate\":\"https:\/\/novidades.cidadaniaevisto.com.br\/?s={search_term_string}\"},\"query-input\":{\"@type\":\"PropertyValueSpecification\",\"valueRequired\":true,\"valueName\":\"search_term_string\"}}],\"inLanguage\":\"pt-BR\"},{\"@type\":\"Person\",\"@id\":\"https:\/\/novidades.cidadaniaevisto.com.br\/#\/schema\/person\/f6f135f9a0174ecf5f11e717a46bba2e\",\"name\":\"Beatriz Cancino\",\"image\":{\"@type\":\"ImageObject\",\"inLanguage\":\"pt-BR\",\"@id\":\"https:\/\/novidades.cidadaniaevisto.com.br\/#\/schema\/person\/image\/\",\"url\":\"https:\/\/novidades.cidadaniaevisto.com.br\/wp-content\/litespeed\/avatar\/6b9d322ad2f0727e3da7040f4f5c98f9.jpg?ver=1777427845\",\"contentUrl\":\"https:\/\/novidades.cidadaniaevisto.com.br\/wp-content\/litespeed\/avatar\/6b9d322ad2f0727e3da7040f4f5c98f9.jpg?ver=1777427845\",\"caption\":\"Beatriz Cancino\"},\"description\":\"Formada em Publicidade e Propaganda, Beatriz \u00e9 uma comunicadora nata, apaixonada por explorar o mundo e conhecer novas culturas. Trabalha como redatora desde 2016 e atualmente escreve artigos para o Cidadania &amp; Visto, trazendo novidades, curiosidades e dicas sobre Portugal em primeira m\u00e3o ;)\",\"sameAs\":[\"https:\/\/www.instagram.com\/biacancino\/\"],\"url\":\"https:\/\/novidades.cidadaniaevisto.com.br\/index.php\/author\/biacancino\/\"}]}<\/script>\n<!-- \/ Yoast SEO plugin. -->","yoast_head_json":{"title":"M\u00c9DIA DAS REMUNERA\u00c7\u00d5ES EM PORTUGAL - CONFIRA","description":"Voc\u00ea j\u00e1 se perguntou qual a m\u00e9dia das remunera\u00e7\u00f5es em Portugal e quais profissionais possuem os melhores sal\u00e1rios? Confira!","robots":{"index":"index","follow":"follow","max-snippet":"max-snippet:-1","max-image-preview":"max-image-preview:large","max-video-preview":"max-video-preview:-1"},"canonical":"https:\/\/novidades.cidadaniaevisto.com.br\/index.php\/2021\/01\/09\/confira-a-media-das-remuneracoes-em-portugal\/","og_locale":"pt_BR","og_type":"article","og_title":"M\u00c9DIA DAS REMUNERA\u00c7\u00d5ES EM PORTUGAL - CONFIRA","og_description":"Voc\u00ea j\u00e1 se perguntou qual a m\u00e9dia das remunera\u00e7\u00f5es em Portugal e quais profissionais possuem os melhores sal\u00e1rios? Confira!","og_url":"https:\/\/novidades.cidadaniaevisto.com.br\/index.php\/2021\/01\/09\/confira-a-media-das-remuneracoes-em-portugal\/","og_site_name":"Cidadania e Visto","article_published_time":"2021-01-09T17:58:05+00:00","article_modified_time":"2021-01-09T18:08:39+00:00","og_image":[{"width":800,"height":533,"url":"https:\/\/novidades.cidadaniaevisto.com.br\/wp-content\/uploads\/2021\/01\/markus-spiske-ms6N-gBtbCQ-unsplash-e1673557489517.jpg","type":"image\/jpeg"}],"author":"Beatriz Cancino","twitter_card":"summary_large_image","twitter_misc":{"Escrito por":"Beatriz Cancino","Est. tempo de leitura":"3 minutos"},"schema":{"@context":"https:\/\/schema.org","@graph":[{"@type":"WebPage","@id":"https:\/\/novidades.cidadaniaevisto.com.br\/index.php\/2021\/01\/09\/confira-a-media-das-remuneracoes-em-portugal\/","url":"https:\/\/novidades.cidadaniaevisto.com.br\/index.php\/2021\/01\/09\/confira-a-media-das-remuneracoes-em-portugal\/","name":"M\u00c9DIA DAS REMUNERA\u00c7\u00d5ES EM PORTUGAL - CONFIRA","isPartOf":{"@id":"https:\/\/novidades.cidadaniaevisto.com.br\/#website"},"primaryImageOfPage":{"@id":"https:\/\/novidades.cidadaniaevisto.com.br\/index.php\/2021\/01\/09\/confira-a-media-das-remuneracoes-em-portugal\/#primaryimage"},"image":{"@id":"https:\/\/novidades.cidadaniaevisto.com.br\/index.php\/2021\/01\/09\/confira-a-media-das-remuneracoes-em-portugal\/#primaryimage"},"thumbnailUrl":"https:\/\/novidades.cidadaniaevisto.com.br\/wp-content\/uploads\/2021\/01\/markus-spiske-ms6N-gBtbCQ-unsplash-e1673557489517.jpg","datePublished":"2021-01-09T17:58:05+00:00","dateModified":"2021-01-09T18:08:39+00:00","author":{"@id":"https:\/\/novidades.cidadaniaevisto.com.br\/#\/schema\/person\/f6f135f9a0174ecf5f11e717a46bba2e"},"description":"Voc\u00ea j\u00e1 se perguntou qual a m\u00e9dia das remunera\u00e7\u00f5es em Portugal e quais profissionais possuem os melhores sal\u00e1rios? Confira!","breadcrumb":{"@id":"https:\/\/novidades.cidadaniaevisto.com.br\/index.php\/2021\/01\/09\/confira-a-media-das-remuneracoes-em-portugal\/#breadcrumb"},"inLanguage":"pt-BR","potentialAction":[{"@type":"ReadAction","target":["https:\/\/novidades.cidadaniaevisto.com.br\/index.php\/2021\/01\/09\/confira-a-media-das-remuneracoes-em-portugal\/"]}]},{"@type":"ImageObject","inLanguage":"pt-BR","@id":"https:\/\/novidades.cidadaniaevisto.com.br\/index.php\/2021\/01\/09\/confira-a-media-das-remuneracoes-em-portugal\/#primaryimage","url":"https:\/\/novidades.cidadaniaevisto.com.br\/wp-content\/uploads\/2021\/01\/markus-spiske-ms6N-gBtbCQ-unsplash-e1673557489517.jpg","contentUrl":"https:\/\/novidades.cidadaniaevisto.com.br\/wp-content\/uploads\/2021\/01\/markus-spiske-ms6N-gBtbCQ-unsplash-e1673557489517.jpg","width":800,"height":533,"caption":"remuneracao"},{"@type":"BreadcrumbList","@id":"https:\/\/novidades.cidadaniaevisto.com.br\/index.php\/2021\/01\/09\/confira-a-media-das-remuneracoes-em-portugal\/#breadcrumb","itemListElement":[{"@type":"ListItem","position":1,"name":"In\u00edcio","item":"https:\/\/novidades.cidadaniaevisto.com.br\/"},{"@type":"ListItem","position":2,"name":"Confira a m\u00e9dia das remunera\u00e7\u00f5es em Portugal"}]},{"@type":"WebSite","@id":"https:\/\/novidades.cidadaniaevisto.com.br\/#website","url":"https:\/\/novidades.cidadaniaevisto.com.br\/","name":"Cidadania e Visto","description":"Sites sobre not\u00edcias e atualidades sobre Portugal","potentialAction":[{"@type":"SearchAction","target":{"@type":"EntryPoint","urlTemplate":"https:\/\/novidades.cidadaniaevisto.com.br\/?s={search_term_string}"},"query-input":{"@type":"PropertyValueSpecification","valueRequired":true,"valueName":"search_term_string"}}],"inLanguage":"pt-BR"},{"@type":"Person","@id":"https:\/\/novidades.cidadaniaevisto.com.br\/#\/schema\/person\/f6f135f9a0174ecf5f11e717a46bba2e","name":"Beatriz Cancino","image":{"@type":"ImageObject","inLanguage":"pt-BR","@id":"https:\/\/novidades.cidadaniaevisto.com.br\/#\/schema\/person\/image\/","url":"https:\/\/novidades.cidadaniaevisto.com.br\/wp-content\/litespeed\/avatar\/6b9d322ad2f0727e3da7040f4f5c98f9.jpg?ver=1777427845","contentUrl":"https:\/\/novidades.cidadaniaevisto.com.br\/wp-content\/litespeed\/avatar\/6b9d322ad2f0727e3da7040f4f5c98f9.jpg?ver=1777427845","caption":"Beatriz Cancino"},"description":"Formada em Publicidade e Propaganda, Beatriz \u00e9 uma comunicadora nata, apaixonada por explorar o mundo e conhecer novas culturas. Trabalha como redatora desde 2016 e atualmente escreve artigos para o Cidadania &amp; Visto, trazendo novidades, curiosidades e dicas sobre Portugal em primeira m\u00e3o ;)","sameAs":["https:\/\/www.instagram.com\/biacancino\/"],"url":"https:\/\/novidades.cidadaniaevisto.com.br\/index.php\/author\/biacancino\/"}]}},"_links":{"self":[{"href":"https:\/\/novidades.cidadaniaevisto.com.br\/index.php\/wp-json\/wp\/v2\/posts\/289","targetHints":{"allow":["GET"]}}],"collection":[{"href":"https:\/\/novidades.cidadaniaevisto.com.br\/index.php\/wp-json\/wp\/v2\/posts"}],"about":[{"href":"https:\/\/novidades.cidadaniaevisto.com.br\/index.php\/wp-json\/wp\/v2\/types\/post"}],"author":[{"embeddable":true,"href":"https:\/\/novidades.cidadaniaevisto.com.br\/index.php\/wp-json\/wp\/v2\/users\/3"}],"replies":[{"embeddable":true,"href":"https:\/\/novidades.cidadaniaevisto.com.br\/index.php\/wp-json\/wp\/v2\/comments?post=289"}],"version-history":[{"count":3,"href":"https:\/\/novidades.cidadaniaevisto.com.br\/index.php\/wp-json\/wp\/v2\/posts\/289\/revisions"}],"predecessor-version":[{"id":314,"href":"https:\/\/novidades.cidadaniaevisto.com.br\/index.php\/wp-json\/wp\/v2\/posts\/289\/revisions\/314"}],"wp:featuredmedia":[{"embeddable":true,"href":"https:\/\/novidades.cidadaniaevisto.com.br\/index.php\/wp-json\/wp\/v2\/media\/316"}],"wp:attachment":[{"href":"https:\/\/novidades.cidadaniaevisto.com.br\/index.php\/wp-json\/wp\/v2\/media?parent=289"}],"wp:term":[{"taxonomy":"category","embeddable":true,"href":"https:\/\/novidades.cidadaniaevisto.com.br\/index.php\/wp-json\/wp\/v2\/categories?post=289"},{"taxonomy":"post_tag","embeddable":true,"href":"https:\/\/novidades.cidadaniaevisto.com.br\/index.php\/wp-json\/wp\/v2\/tags?post=289"}],"curies":[{"name":"wp","href":"https:\/\/api.w.org\/{rel}","templated":true}]}}