{"id":1161,"date":"2023-02-25T02:48:48","date_gmt":"2023-02-25T02:48:48","guid":{"rendered":"https:\/\/novidades.cidadaniaevisto.com.br\/?p=1161"},"modified":"2023-03-01T01:47:00","modified_gmt":"2023-03-01T01:47:00","slug":"quer-saber-como-e-portugal-em-abril-entao-leia-esse-artigo","status":"publish","type":"post","link":"https:\/\/novidades.cidadaniaevisto.com.br\/index.php\/2023\/02\/25\/quer-saber-como-e-portugal-em-abril-entao-leia-esse-artigo\/","title":{"rendered":"Quer saber como \u00e9 Portugal em abril? Ent\u00e3o leia esse artigo!"},"content":{"rendered":"\n<p>Portugal em abril \u00e9 um misto de primavera com a energia da P\u00e1scoa que \u00e9 celebrada durante este m\u00eas. As temperaturas come\u00e7am a subir e os dias ficam mais longos, o que permite desfrutar do pa\u00eds de uma forma mais agrad\u00e1vel e ao ar livre.<\/p>\n\n\n\n<p><\/p>\n\n\n\n<h5 class=\"wp-block-heading\"><strong>P\u00e1scoa Em Portugal<\/strong><\/h5>\n\n\n\n<p> Uma das principais atra\u00e7\u00f5es de Portugal em abril \u00e9 a celebra\u00e7\u00e3o da Semana Santa e em todo o pa\u00eds \u00e9 poss\u00edvel encontrar prociss\u00f5es religiosas, que s\u00e3o um dos principais eventos desta \u00e9poca. Em muitas cidades e vilas, \u00e9 comum as pessoas carregarem imagens de santos pelas ruas, acompanhadas por uma banda de m\u00fasica e com muitos fi\u00e9is seguindo atr\u00e1s. Em algumas regi\u00f5es, como em Braga, a celebra\u00e7\u00e3o \u00e9 ainda mais intensa e inclui at\u00e9 mesmo a representa\u00e7\u00e3o da paix\u00e3o de Cristo.<\/p>\n\n\n\n<p>Al\u00e9m disso, a P\u00e1scoa em Portugal \u00e9 tamb\u00e9m um momento para reunir a fam\u00edlia e os amigos em torno de uma mesa farta. Inclusive, o prato mais tradicional \u00e9 o cabrito assado, acompanhado de batatas, arroz e legumes. Ainda no que diz respeito \u00e0 gastronomia, abril \u00e9 tamb\u00e9m o m\u00eas da lampreia, um prato t\u00edpico do norte do pa\u00eds que \u00e9 preparado com este peixe do rio Minho.<\/p>\n\n\n\n<p><\/p>\n\n\n\n<h5 class=\"wp-block-heading\"><strong>E o clima?<\/strong><\/h5>\n\n\n\n<p>Claro que Portugal em abril n\u00e3o se resume apenas \u00e0 celebra\u00e7\u00e3o da P\u00e1scoa. Essa \u00e9poca tamb\u00e9m \u00e9 quando a natureza come\u00e7a a mostrar a sua beleza. Os campos ficam repletos de flores e as \u00e1rvores come\u00e7am a ganhar folhas. Na serra da Estrela, por exemplo, ainda \u00e9 poss\u00edvel encontrar neve, o que permite a pr\u00e1tica de desportos de inverno numa altura em que o clima come\u00e7a a aquecer nas restantes regi\u00f5es do pa\u00eds.<\/p>\n\n\n\n<p><\/p>\n\n\n\n<h5 class=\"wp-block-heading\"><strong>Conhe\u00e7a os festivais nessa \u00e9poca<\/strong><\/h5>\n\n\n\n<p>Abril \u00e9 tamb\u00e9m um m\u00eas de festivais em Portugal. Seja qual for a sua \u00e1rea de interesse, certamente haver\u00e1 um festival ou evento que ir\u00e1 te atrair e proporcionar uma experi\u00eancia \u00fanica e memor\u00e1vel. Confira abaixo:<\/p>\n\n\n\n<ol class=\"wp-block-list\"><li><strong>Festival da Flor<\/strong> &#8211; Este festival acontece na ilha da Madeira e celebra a primavera com muitas flores coloridas. Durante o evento, as ruas do Funchal s\u00e3o decoradas com tapetes florais elaborados e h\u00e1 uma s\u00e9rie de eventos, como concertos, desfiles e exposi\u00e7\u00f5es de flores;<\/li><li><strong>Festival Internacional de Jazz de Portalegre<\/strong> &#8211; Este festival \u00e9 realizado na cidade de Portalegre, no Alentejo, e apresenta concertos de jazz de artistas nacionais e internacionais. O evento tem uma atmosfera descontra\u00edda e \u00e9 uma \u00f3tima oportunidade para desfrutar de boa m\u00fasica e da bela paisagem alentejana;<\/li><li><strong>IndieLisboa<\/strong> &#8211; Este festival de cinema independente acontece em Lisboa e exibe filmes de todo o mundo, incluindo longas-metragens, document\u00e1rios e curtas-metragens. Al\u00e9m disso, o festival oferece workshops, semin\u00e1rios e discuss\u00f5es sobre cinema;<\/li><li><strong>Lisbon Fish and Flavours<\/strong> &#8211; Este festival gastron\u00f4mico \u00e9 dedicado ao peixe e frutos do mar, e oferece uma ampla variedade de pratos de peixe preparados por chefs renomados. O evento acontece no Pavilh\u00e3o Carlos Lopes, em Lisboa, e inclui tamb\u00e9m workshops de culin\u00e1ria e degusta\u00e7\u00f5es;<\/li><li><strong>Abril em Portugal<\/strong> &#8211; Este festival de m\u00fasica acontece em v\u00e1rias cidades de Portugal, incluindo Lisboa, Porto e Coimbra, e apresenta uma ampla variedade de m\u00fasicos portugueses e internacionais. O evento \u00e9 uma oportunidade \u00fanica para descobrir a m\u00fasica portuguesa contempor\u00e2nea e experimentar novos estilos musicais;<\/li><li><strong>Festa das Vindimas de Palmela<\/strong> &#8211; Este festival celebra a colheita das uvas e a produ\u00e7\u00e3o de vinho na regi\u00e3o de Palmela, em Set\u00fabal. O evento inclui desfiles, apresenta\u00e7\u00f5es de m\u00fasica e dan\u00e7a, degusta\u00e7\u00f5es de vinhos e outras atividades relacionadas com a cultura do vinho.<\/li><\/ol>\n\n\n\n<p><\/p>\n\n\n\n<h5 class=\"wp-block-heading\"><strong>Momento ideal para visitar museus <\/strong><\/h5>\n\n\n\n<p>Ainda no que diz respeito \u00e0 cultura, Portugal em abril \u00e9 um \u00f3timo momento para visitar os museus e monumentos. \u00c9 poss\u00edvel visitar os locais com mais tranquilidade e sem as filas intermin\u00e1veis que se formam em outras \u00e9pocas do ano. Em Lisboa, por exemplo, \u00e9 poss\u00edvel visitar o Museu Nacional de Arte Antiga, que possui um acervo com obras de artistas como Bosch, Brueghel e Zurbar\u00e1n.<\/p>\n\n\n\n<p><\/p>\n\n\n\n<p>Em resumo, Portugal em abril \u00e9 um m\u00eas de celebra\u00e7\u00f5es, natureza e cultura. \u00c9 uma \u00e9poca em que \u00e9 poss\u00edvel desfrutar do pa\u00eds de forma mais tranquila, sem apressa e agita\u00e7\u00e3o t\u00edpicas dos meses de ver\u00e3o, mas com temperaturas j\u00e1 bastante agrad\u00e1veis e muitas atividades para aproveitar. Seja para celebrar a P\u00e1scoa com muita devo\u00e7\u00e3o ou simplesmente para relaxar e curtir a natureza, Portugal em abril oferece uma experi\u00eancia \u00fanica e encantadora, que certamente ficar\u00e1 na mem\u00f3ria de quem visitar o pa\u00eds nessa \u00e9poca do ano.<\/p>\n\n\n\n<p>Gostou das nossas dicas? Preparamos diversas mat\u00e9rias para quem&nbsp;<a href=\"https:\/\/novidades.cidadaniaevisto.com.br\/index.php\/category\/morar-em-portugal\/\">deseja morar em Portugal<\/a>&nbsp;em nosso blog. Confira!<\/p>\n\n\n\n<p>Quer conhecer nossa assessoria? Acesse&nbsp;<a href=\"https:\/\/www.cidadaniaevisto.com.br\/\">www.cidadaniaevisto.com.br<\/a>.<\/p>\n","protected":false},"excerpt":{"rendered":"<p>Portugal em abril \u00e9 um misto de primavera com a energia da P\u00e1scoa que \u00e9 celebrada durante este m\u00eas. As temperaturas come\u00e7am a subir e os dias ficam mais longos, o que permite desfrutar do pa\u00eds de uma forma mais agrad\u00e1vel e ao ar livre. P\u00e1scoa Em Portugal Uma das principais atra\u00e7\u00f5es de Portugal em [&hellip;]<\/p>\n","protected":false},"author":3,"featured_media":1162,"comment_status":"open","ping_status":"open","sticky":false,"template":"","format":"standard","meta":{"_et_pb_use_builder":"off","_et_pb_old_content":"","_et_gb_content_width":"","footnotes":""},"categories":[7,19,9],"tags":[86,93,99,17,42],"class_list":["post-1161","post","type-post","status-publish","format-standard","has-post-thumbnail","hentry","category-cidadania","category-morar-em-portugal","category-turismo","tag-estacoes","tag-lazer","tag-morar-em-portugal","tag-portugal","tag-turismo","et-has-post-format-content","et_post_format-et-post-format-standard"],"yoast_head":"<!-- This site is optimized with the Yoast SEO plugin v23.9 - https:\/\/yoast.com\/wordpress\/plugins\/seo\/ -->\n<title>Portugal em Abril - tudo o que voc\u00ea precisa saber para aproveitar<\/title>\n<meta name=\"description\" content=\"Seja para celebrar a P\u00e1scoa ou relaxar e curtir a natureza, Portugal em abril oferece uma experi\u00eancia \u00fanica e encantadora em abril.\" \/>\n<meta name=\"robots\" content=\"index, follow, max-snippet:-1, max-image-preview:large, max-video-preview:-1\" \/>\n<link rel=\"canonical\" href=\"https:\/\/novidades.cidadaniaevisto.com.br\/index.php\/2023\/02\/25\/quer-saber-como-e-portugal-em-abril-entao-leia-esse-artigo\/\" \/>\n<meta property=\"og:locale\" content=\"pt_BR\" \/>\n<meta property=\"og:type\" content=\"article\" \/>\n<meta property=\"og:title\" content=\"Portugal em Abril - tudo o que voc\u00ea precisa saber para aproveitar\" \/>\n<meta property=\"og:description\" content=\"Seja para celebrar a P\u00e1scoa ou relaxar e curtir a natureza, Portugal em abril oferece uma experi\u00eancia \u00fanica e encantadora em abril.\" \/>\n<meta property=\"og:url\" content=\"https:\/\/novidades.cidadaniaevisto.com.br\/index.php\/2023\/02\/25\/quer-saber-como-e-portugal-em-abril-entao-leia-esse-artigo\/\" \/>\n<meta property=\"og:site_name\" content=\"Cidadania e Visto\" \/>\n<meta property=\"article:published_time\" content=\"2023-02-25T02:48:48+00:00\" \/>\n<meta property=\"article:modified_time\" content=\"2023-03-01T01:47:00+00:00\" \/>\n<meta property=\"og:image\" content=\"https:\/\/novidades.cidadaniaevisto.com.br\/wp-content\/uploads\/2023\/02\/dennis-flinsenberg-RAZM-x9BjQU-unsplash-scaled-e1677298529171.jpg\" \/>\n\t<meta property=\"og:image:width\" content=\"800\" \/>\n\t<meta property=\"og:image:height\" content=\"533\" \/>\n\t<meta property=\"og:image:type\" content=\"image\/jpeg\" \/>\n<meta name=\"author\" content=\"Beatriz Cancino\" \/>\n<meta name=\"twitter:card\" content=\"summary_large_image\" \/>\n<meta name=\"twitter:label1\" content=\"Escrito por\" \/>\n\t<meta name=\"twitter:data1\" content=\"Beatriz Cancino\" \/>\n\t<meta name=\"twitter:label2\" content=\"Est. tempo de leitura\" \/>\n\t<meta name=\"twitter:data2\" content=\"4 minutos\" \/>\n<script type=\"application\/ld+json\" class=\"yoast-schema-graph\">{\"@context\":\"https:\/\/schema.org\",\"@graph\":[{\"@type\":\"WebPage\",\"@id\":\"https:\/\/novidades.cidadaniaevisto.com.br\/index.php\/2023\/02\/25\/quer-saber-como-e-portugal-em-abril-entao-leia-esse-artigo\/\",\"url\":\"https:\/\/novidades.cidadaniaevisto.com.br\/index.php\/2023\/02\/25\/quer-saber-como-e-portugal-em-abril-entao-leia-esse-artigo\/\",\"name\":\"Portugal em Abril - tudo o que voc\u00ea precisa saber para aproveitar\",\"isPartOf\":{\"@id\":\"https:\/\/novidades.cidadaniaevisto.com.br\/#website\"},\"primaryImageOfPage\":{\"@id\":\"https:\/\/novidades.cidadaniaevisto.com.br\/index.php\/2023\/02\/25\/quer-saber-como-e-portugal-em-abril-entao-leia-esse-artigo\/#primaryimage\"},\"image\":{\"@id\":\"https:\/\/novidades.cidadaniaevisto.com.br\/index.php\/2023\/02\/25\/quer-saber-como-e-portugal-em-abril-entao-leia-esse-artigo\/#primaryimage\"},\"thumbnailUrl\":\"https:\/\/novidades.cidadaniaevisto.com.br\/wp-content\/uploads\/2023\/02\/dennis-flinsenberg-RAZM-x9BjQU-unsplash-scaled-e1677298529171.jpg\",\"datePublished\":\"2023-02-25T02:48:48+00:00\",\"dateModified\":\"2023-03-01T01:47:00+00:00\",\"author\":{\"@id\":\"https:\/\/novidades.cidadaniaevisto.com.br\/#\/schema\/person\/f6f135f9a0174ecf5f11e717a46bba2e\"},\"description\":\"Seja para celebrar a P\u00e1scoa ou relaxar e curtir a natureza, Portugal em abril oferece uma experi\u00eancia \u00fanica e encantadora em abril.\",\"breadcrumb\":{\"@id\":\"https:\/\/novidades.cidadaniaevisto.com.br\/index.php\/2023\/02\/25\/quer-saber-como-e-portugal-em-abril-entao-leia-esse-artigo\/#breadcrumb\"},\"inLanguage\":\"pt-BR\",\"potentialAction\":[{\"@type\":\"ReadAction\",\"target\":[\"https:\/\/novidades.cidadaniaevisto.com.br\/index.php\/2023\/02\/25\/quer-saber-como-e-portugal-em-abril-entao-leia-esse-artigo\/\"]}]},{\"@type\":\"ImageObject\",\"inLanguage\":\"pt-BR\",\"@id\":\"https:\/\/novidades.cidadaniaevisto.com.br\/index.php\/2023\/02\/25\/quer-saber-como-e-portugal-em-abril-entao-leia-esse-artigo\/#primaryimage\",\"url\":\"https:\/\/novidades.cidadaniaevisto.com.br\/wp-content\/uploads\/2023\/02\/dennis-flinsenberg-RAZM-x9BjQU-unsplash-scaled-e1677298529171.jpg\",\"contentUrl\":\"https:\/\/novidades.cidadaniaevisto.com.br\/wp-content\/uploads\/2023\/02\/dennis-flinsenberg-RAZM-x9BjQU-unsplash-scaled-e1677298529171.jpg\",\"width\":800,\"height\":533},{\"@type\":\"BreadcrumbList\",\"@id\":\"https:\/\/novidades.cidadaniaevisto.com.br\/index.php\/2023\/02\/25\/quer-saber-como-e-portugal-em-abril-entao-leia-esse-artigo\/#breadcrumb\",\"itemListElement\":[{\"@type\":\"ListItem\",\"position\":1,\"name\":\"In\u00edcio\",\"item\":\"https:\/\/novidades.cidadaniaevisto.com.br\/\"},{\"@type\":\"ListItem\",\"position\":2,\"name\":\"Quer saber como \u00e9 Portugal em abril? Ent\u00e3o leia esse artigo!\"}]},{\"@type\":\"WebSite\",\"@id\":\"https:\/\/novidades.cidadaniaevisto.com.br\/#website\",\"url\":\"https:\/\/novidades.cidadaniaevisto.com.br\/\",\"name\":\"Cidadania e Visto\",\"description\":\"Sites sobre not\u00edcias e atualidades sobre Portugal\",\"potentialAction\":[{\"@type\":\"SearchAction\",\"target\":{\"@type\":\"EntryPoint\",\"urlTemplate\":\"https:\/\/novidades.cidadaniaevisto.com.br\/?s={search_term_string}\"},\"query-input\":{\"@type\":\"PropertyValueSpecification\",\"valueRequired\":true,\"valueName\":\"search_term_string\"}}],\"inLanguage\":\"pt-BR\"},{\"@type\":\"Person\",\"@id\":\"https:\/\/novidades.cidadaniaevisto.com.br\/#\/schema\/person\/f6f135f9a0174ecf5f11e717a46bba2e\",\"name\":\"Beatriz Cancino\",\"image\":{\"@type\":\"ImageObject\",\"inLanguage\":\"pt-BR\",\"@id\":\"https:\/\/novidades.cidadaniaevisto.com.br\/#\/schema\/person\/image\/\",\"url\":\"https:\/\/novidades.cidadaniaevisto.com.br\/wp-content\/litespeed\/avatar\/6b9d322ad2f0727e3da7040f4f5c98f9.jpg?ver=1777427845\",\"contentUrl\":\"https:\/\/novidades.cidadaniaevisto.com.br\/wp-content\/litespeed\/avatar\/6b9d322ad2f0727e3da7040f4f5c98f9.jpg?ver=1777427845\",\"caption\":\"Beatriz Cancino\"},\"description\":\"Formada em Publicidade e Propaganda, Beatriz \u00e9 uma comunicadora nata, apaixonada por explorar o mundo e conhecer novas culturas. Trabalha como redatora desde 2016 e atualmente escreve artigos para o Cidadania &amp; Visto, trazendo novidades, curiosidades e dicas sobre Portugal em primeira m\u00e3o ;)\",\"sameAs\":[\"https:\/\/www.instagram.com\/biacancino\/\"],\"url\":\"https:\/\/novidades.cidadaniaevisto.com.br\/index.php\/author\/biacancino\/\"}]}<\/script>\n<!-- \/ Yoast SEO plugin. -->","yoast_head_json":{"title":"Portugal em Abril - tudo o que voc\u00ea precisa saber para aproveitar","description":"Seja para celebrar a P\u00e1scoa ou relaxar e curtir a natureza, Portugal em abril oferece uma experi\u00eancia \u00fanica e encantadora em abril.","robots":{"index":"index","follow":"follow","max-snippet":"max-snippet:-1","max-image-preview":"max-image-preview:large","max-video-preview":"max-video-preview:-1"},"canonical":"https:\/\/novidades.cidadaniaevisto.com.br\/index.php\/2023\/02\/25\/quer-saber-como-e-portugal-em-abril-entao-leia-esse-artigo\/","og_locale":"pt_BR","og_type":"article","og_title":"Portugal em Abril - tudo o que voc\u00ea precisa saber para aproveitar","og_description":"Seja para celebrar a P\u00e1scoa ou relaxar e curtir a natureza, Portugal em abril oferece uma experi\u00eancia \u00fanica e encantadora em abril.","og_url":"https:\/\/novidades.cidadaniaevisto.com.br\/index.php\/2023\/02\/25\/quer-saber-como-e-portugal-em-abril-entao-leia-esse-artigo\/","og_site_name":"Cidadania e Visto","article_published_time":"2023-02-25T02:48:48+00:00","article_modified_time":"2023-03-01T01:47:00+00:00","og_image":[{"width":800,"height":533,"url":"https:\/\/novidades.cidadaniaevisto.com.br\/wp-content\/uploads\/2023\/02\/dennis-flinsenberg-RAZM-x9BjQU-unsplash-scaled-e1677298529171.jpg","type":"image\/jpeg"}],"author":"Beatriz Cancino","twitter_card":"summary_large_image","twitter_misc":{"Escrito por":"Beatriz Cancino","Est. tempo de leitura":"4 minutos"},"schema":{"@context":"https:\/\/schema.org","@graph":[{"@type":"WebPage","@id":"https:\/\/novidades.cidadaniaevisto.com.br\/index.php\/2023\/02\/25\/quer-saber-como-e-portugal-em-abril-entao-leia-esse-artigo\/","url":"https:\/\/novidades.cidadaniaevisto.com.br\/index.php\/2023\/02\/25\/quer-saber-como-e-portugal-em-abril-entao-leia-esse-artigo\/","name":"Portugal em Abril - tudo o que voc\u00ea precisa saber para aproveitar","isPartOf":{"@id":"https:\/\/novidades.cidadaniaevisto.com.br\/#website"},"primaryImageOfPage":{"@id":"https:\/\/novidades.cidadaniaevisto.com.br\/index.php\/2023\/02\/25\/quer-saber-como-e-portugal-em-abril-entao-leia-esse-artigo\/#primaryimage"},"image":{"@id":"https:\/\/novidades.cidadaniaevisto.com.br\/index.php\/2023\/02\/25\/quer-saber-como-e-portugal-em-abril-entao-leia-esse-artigo\/#primaryimage"},"thumbnailUrl":"https:\/\/novidades.cidadaniaevisto.com.br\/wp-content\/uploads\/2023\/02\/dennis-flinsenberg-RAZM-x9BjQU-unsplash-scaled-e1677298529171.jpg","datePublished":"2023-02-25T02:48:48+00:00","dateModified":"2023-03-01T01:47:00+00:00","author":{"@id":"https:\/\/novidades.cidadaniaevisto.com.br\/#\/schema\/person\/f6f135f9a0174ecf5f11e717a46bba2e"},"description":"Seja para celebrar a P\u00e1scoa ou relaxar e curtir a natureza, Portugal em abril oferece uma experi\u00eancia \u00fanica e encantadora em abril.","breadcrumb":{"@id":"https:\/\/novidades.cidadaniaevisto.com.br\/index.php\/2023\/02\/25\/quer-saber-como-e-portugal-em-abril-entao-leia-esse-artigo\/#breadcrumb"},"inLanguage":"pt-BR","potentialAction":[{"@type":"ReadAction","target":["https:\/\/novidades.cidadaniaevisto.com.br\/index.php\/2023\/02\/25\/quer-saber-como-e-portugal-em-abril-entao-leia-esse-artigo\/"]}]},{"@type":"ImageObject","inLanguage":"pt-BR","@id":"https:\/\/novidades.cidadaniaevisto.com.br\/index.php\/2023\/02\/25\/quer-saber-como-e-portugal-em-abril-entao-leia-esse-artigo\/#primaryimage","url":"https:\/\/novidades.cidadaniaevisto.com.br\/wp-content\/uploads\/2023\/02\/dennis-flinsenberg-RAZM-x9BjQU-unsplash-scaled-e1677298529171.jpg","contentUrl":"https:\/\/novidades.cidadaniaevisto.com.br\/wp-content\/uploads\/2023\/02\/dennis-flinsenberg-RAZM-x9BjQU-unsplash-scaled-e1677298529171.jpg","width":800,"height":533},{"@type":"BreadcrumbList","@id":"https:\/\/novidades.cidadaniaevisto.com.br\/index.php\/2023\/02\/25\/quer-saber-como-e-portugal-em-abril-entao-leia-esse-artigo\/#breadcrumb","itemListElement":[{"@type":"ListItem","position":1,"name":"In\u00edcio","item":"https:\/\/novidades.cidadaniaevisto.com.br\/"},{"@type":"ListItem","position":2,"name":"Quer saber como \u00e9 Portugal em abril? Ent\u00e3o leia esse artigo!"}]},{"@type":"WebSite","@id":"https:\/\/novidades.cidadaniaevisto.com.br\/#website","url":"https:\/\/novidades.cidadaniaevisto.com.br\/","name":"Cidadania e Visto","description":"Sites sobre not\u00edcias e atualidades sobre Portugal","potentialAction":[{"@type":"SearchAction","target":{"@type":"EntryPoint","urlTemplate":"https:\/\/novidades.cidadaniaevisto.com.br\/?s={search_term_string}"},"query-input":{"@type":"PropertyValueSpecification","valueRequired":true,"valueName":"search_term_string"}}],"inLanguage":"pt-BR"},{"@type":"Person","@id":"https:\/\/novidades.cidadaniaevisto.com.br\/#\/schema\/person\/f6f135f9a0174ecf5f11e717a46bba2e","name":"Beatriz Cancino","image":{"@type":"ImageObject","inLanguage":"pt-BR","@id":"https:\/\/novidades.cidadaniaevisto.com.br\/#\/schema\/person\/image\/","url":"https:\/\/novidades.cidadaniaevisto.com.br\/wp-content\/litespeed\/avatar\/6b9d322ad2f0727e3da7040f4f5c98f9.jpg?ver=1777427845","contentUrl":"https:\/\/novidades.cidadaniaevisto.com.br\/wp-content\/litespeed\/avatar\/6b9d322ad2f0727e3da7040f4f5c98f9.jpg?ver=1777427845","caption":"Beatriz Cancino"},"description":"Formada em Publicidade e Propaganda, Beatriz \u00e9 uma comunicadora nata, apaixonada por explorar o mundo e conhecer novas culturas. Trabalha como redatora desde 2016 e atualmente escreve artigos para o Cidadania &amp; Visto, trazendo novidades, curiosidades e dicas sobre Portugal em primeira m\u00e3o ;)","sameAs":["https:\/\/www.instagram.com\/biacancino\/"],"url":"https:\/\/novidades.cidadaniaevisto.com.br\/index.php\/author\/biacancino\/"}]}},"_links":{"self":[{"href":"https:\/\/novidades.cidadaniaevisto.com.br\/index.php\/wp-json\/wp\/v2\/posts\/1161","targetHints":{"allow":["GET"]}}],"collection":[{"href":"https:\/\/novidades.cidadaniaevisto.com.br\/index.php\/wp-json\/wp\/v2\/posts"}],"about":[{"href":"https:\/\/novidades.cidadaniaevisto.com.br\/index.php\/wp-json\/wp\/v2\/types\/post"}],"author":[{"embeddable":true,"href":"https:\/\/novidades.cidadaniaevisto.com.br\/index.php\/wp-json\/wp\/v2\/users\/3"}],"replies":[{"embeddable":true,"href":"https:\/\/novidades.cidadaniaevisto.com.br\/index.php\/wp-json\/wp\/v2\/comments?post=1161"}],"version-history":[{"count":1,"href":"https:\/\/novidades.cidadaniaevisto.com.br\/index.php\/wp-json\/wp\/v2\/posts\/1161\/revisions"}],"predecessor-version":[{"id":1163,"href":"https:\/\/novidades.cidadaniaevisto.com.br\/index.php\/wp-json\/wp\/v2\/posts\/1161\/revisions\/1163"}],"wp:featuredmedia":[{"embeddable":true,"href":"https:\/\/novidades.cidadaniaevisto.com.br\/index.php\/wp-json\/wp\/v2\/media\/1162"}],"wp:attachment":[{"href":"https:\/\/novidades.cidadaniaevisto.com.br\/index.php\/wp-json\/wp\/v2\/media?parent=1161"}],"wp:term":[{"taxonomy":"category","embeddable":true,"href":"https:\/\/novidades.cidadaniaevisto.com.br\/index.php\/wp-json\/wp\/v2\/categories?post=1161"},{"taxonomy":"post_tag","embeddable":true,"href":"https:\/\/novidades.cidadaniaevisto.com.br\/index.php\/wp-json\/wp\/v2\/tags?post=1161"}],"curies":[{"name":"wp","href":"https:\/\/api.w.org\/{rel}","templated":true}]}}